{"id":2801,"date":"2019-05-20T15:02:09","date_gmt":"2019-05-20T13:02:09","guid":{"rendered":"https:\/\/vilolimpiezastecnicas.es\/tienes-el-aire-acondicionado-a-punto-para-el-verano\/"},"modified":"2019-05-20T15:02:09","modified_gmt":"2019-05-20T13:02:09","slug":"tienes-el-aire-acondicionado-a-punto-para-el-verano","status":"publish","type":"post","link":"https:\/\/vilolimpiezastecnicas.es\/en\/tienes-el-aire-acondicionado-a-punto-para-el-verano\/","title":{"rendered":"\u00bfTienes el aire acondicionado a punto para el verano?"},"content":{"rendered":"<h3 style=\"text-align: center;\">Ante la llegada del verano, prepara tu aire acondicionado para evitar perjudicar tu salud.<\/h3>\n<p>&nbsp;<\/p>\n<p style=\"text-align: justify;\">El veranos est\u00e1 a la vuelta de la esquina y algo imprescindible para amenizar el calor son los aires acondicionados. Sin embargo, debemos mantenerlos en sus correctas condiciones para que sea un alivio en vez de convertirse en una molestia perjudicial.<\/p>\n<p style=\"text-align: justify;\"><strong>VILO Mediterr\u00e1neo<\/strong> aconseja un mantenimiento peri\u00f3dico para que tus instalaciones est\u00e9n en buen estado antes de la llegada del verano. Con ello se consigue un ahorro en energ\u00eda, se evita que la salud se vea afectada y se alarga la vida del aparato evitando futuras aver\u00edas.<\/p>\n<p style=\"text-align: justify;\"><em><strong>\u00bfPor qu\u00e9 realizar mantenimientos?<\/strong><\/em><\/p>\n<p><img fetchpriority=\"high\" decoding=\"async\" class=\"alignright wp-image-1413\" src=\"https:\/\/vilolimpiezastecnicas.es\/wp-content\/uploads\/2023\/03\/Recurso-Aire-acondicionado-2-300x201.jpg\" alt=\"Recurso Aire acondicionado 2\" width=\"331\" height=\"222\" \/><\/p>\n<p style=\"text-align: justify;\">Los aparatos de climatizaci\u00f3n y aires acondicionados filtran el aire del entorno almacenando en su interior la poluci\u00f3n del ambiente. Con el paso del tiempo, tanto si es por su uso continuado como por el tiempo que lo dejamos inoperativo, los filtros y conductos van acumulando polvo debido a la contaminaci\u00f3n ambiental.<\/p>\n<p style=\"text-align: justify;\">Gracias a un buen mantenimiento se consigue el m\u00e1ximo provecho del aparato y a mantener en mejor estado tu equipo para que rinda mejor y expulse un aire m\u00e1s saludable.<\/p>\n<p style=\"text-align: justify;\">Con un funcionamiento m\u00e1s efectivo y r\u00e1pido se logra un considerable ahorro de energ\u00eda.<\/p>\n<p style=\"text-align: justify;\"><em><strong>Limpieza de aires acondicionados y climatizaci\u00f3n.<\/strong><\/em><\/p>\n<p style=\"text-align: justify;\"><a href=\"https:\/\/vilomediterraneo.es\/es\/\"><strong>VILO Mediterr\u00e1neo<\/strong><\/a> cuenta con los mejores t\u00e9cnicos para la limpieza e higienizaci\u00f3n de los sistemas de aire acondicionado y climatizaci\u00f3n. Para ello utilizamos maquinar\u00eda y m\u00e9todos espec\u00edficos como la limpieza con <strong>Ozono<\/strong> y la desinfecci\u00f3n con <strong>agua ionizada<\/strong> para llegar a conseguir un aire m\u00e1s puro y saludable.<\/p>\n<figure id=\"attachment_1405\" aria-describedby=\"caption-attachment-1405\" style=\"width: 500px\" class=\"wp-caption aligncenter\"><img decoding=\"async\" class=\"wp-image-1405\" src=\"https:\/\/vilolimpiezastecnicas.es\/wp-content\/uploads\/2023\/03\/Recurso-Aire-Acondicionado-300x200.jpg\" alt=\"Recurso Aire Acondicionado\" width=\"500\" height=\"334\" \/><figcaption id=\"caption-attachment-1405\" class=\"wp-caption-text\">Conductos de Aire Acondicionado<\/figcaption><\/figure>\n","protected":false},"excerpt":{"rendered":"<p>Prepara tu aire acondicionado ante la llegada del calor.<\/p>\n","protected":false},"author":1,"featured_media":1635,"comment_status":"closed","ping_status":"open","sticky":false,"template":"","format":"standard","meta":{"inline_featured_image":false,"footnotes":""},"categories":[31],"tags":[],"class_list":["post-2801","post","type-post","status-publish","format-standard","has-post-thumbnail","hentry","category-prevencion-en"],"yoast_head":"<!-- This site is optimized with the Yoast SEO plugin v26.6 - https:\/\/yoast.com\/wordpress\/plugins\/seo\/ -->\n<title>\u00bfTienes el aire acondicionado a punto para el verano? - Vilo Mediterr\u00e1neo<\/title>\n<meta name=\"robots\" content=\"index, follow, max-snippet:-1, max-image-preview:large, max-video-preview:-1\" \/>\n<link rel=\"canonical\" href=\"https:\/\/vilolimpiezastecnicas.es\/tienes-el-aire-acondicionado-a-punto-para-el-verano\/\" \/>\n<meta property=\"og:locale\" content=\"en_US\" \/>\n<meta property=\"og:type\" content=\"article\" \/>\n<meta property=\"og:title\" content=\"\u00bfTienes el aire acondicionado a punto para el verano? - Vilo Mediterr\u00e1neo\" \/>\n<meta property=\"og:description\" content=\"Prepara tu aire acondicionado ante la llegada del calor.\" \/>\n<meta property=\"og:url\" content=\"https:\/\/vilolimpiezastecnicas.es\/tienes-el-aire-acondicionado-a-punto-para-el-verano\/\" \/>\n<meta property=\"og:site_name\" content=\"Vilo Mediterr\u00e1neo\" \/>\n<meta property=\"article:published_time\" content=\"2019-05-20T13:02:09+00:00\" \/>\n<meta property=\"og:image\" content=\"https:\/\/vilolimpiezastecnicas.es\/wp-content\/uploads\/2023\/03\/Recurso-Aire-acondicionado-2-300x201.jpg\" \/>\n<meta name=\"author\" content=\"admin\" \/>\n<meta name=\"twitter:card\" content=\"summary_large_image\" \/>\n<meta name=\"twitter:label1\" content=\"Written by\" \/>\n\t<meta name=\"twitter:data1\" content=\"admin\" \/>\n\t<meta name=\"twitter:label2\" content=\"Est. reading time\" \/>\n\t<meta name=\"twitter:data2\" content=\"1 minute\" \/>\n<script type=\"application\/ld+json\" class=\"yoast-schema-graph\">{\"@context\":\"https:\/\/schema.org\",\"@graph\":[{\"@type\":\"Article\",\"@id\":\"https:\/\/vilolimpiezastecnicas.es\/tienes-el-aire-acondicionado-a-punto-para-el-verano\/#article\",\"isPartOf\":{\"@id\":\"https:\/\/vilolimpiezastecnicas.es\/tienes-el-aire-acondicionado-a-punto-para-el-verano\/\"},\"author\":{\"name\":\"admin\",\"@id\":\"https:\/\/vilolimpiezastecnicas.es\/#\/schema\/person\/46b6a80509958e6aec80f713935ebfe5\"},\"headline\":\"\u00bfTienes el aire acondicionado a punto para el verano?\",\"datePublished\":\"2019-05-20T13:02:09+00:00\",\"mainEntityOfPage\":{\"@id\":\"https:\/\/vilolimpiezastecnicas.es\/tienes-el-aire-acondicionado-a-punto-para-el-verano\/\"},\"wordCount\":299,\"publisher\":{\"@id\":\"https:\/\/vilolimpiezastecnicas.es\/#organization\"},\"image\":{\"@id\":\"https:\/\/vilolimpiezastecnicas.es\/tienes-el-aire-acondicionado-a-punto-para-el-verano\/#primaryimage\"},\"thumbnailUrl\":\"https:\/\/vilolimpiezastecnicas.es\/wp-content\/uploads\/2023\/03\/Aires-Acondicionados-1.jpg\",\"articleSection\":[\"Prevenci\u00f3n\"],\"inLanguage\":\"en-US\"},{\"@type\":\"WebPage\",\"@id\":\"https:\/\/vilolimpiezastecnicas.es\/tienes-el-aire-acondicionado-a-punto-para-el-verano\/\",\"url\":\"https:\/\/vilolimpiezastecnicas.es\/tienes-el-aire-acondicionado-a-punto-para-el-verano\/\",\"name\":\"\u00bfTienes el aire acondicionado a punto para el verano? - Vilo Mediterr\u00e1neo\",\"isPartOf\":{\"@id\":\"https:\/\/vilolimpiezastecnicas.es\/#website\"},\"primaryImageOfPage\":{\"@id\":\"https:\/\/vilolimpiezastecnicas.es\/tienes-el-aire-acondicionado-a-punto-para-el-verano\/#primaryimage\"},\"image\":{\"@id\":\"https:\/\/vilolimpiezastecnicas.es\/tienes-el-aire-acondicionado-a-punto-para-el-verano\/#primaryimage\"},\"thumbnailUrl\":\"https:\/\/vilolimpiezastecnicas.es\/wp-content\/uploads\/2023\/03\/Aires-Acondicionados-1.jpg\",\"datePublished\":\"2019-05-20T13:02:09+00:00\",\"breadcrumb\":{\"@id\":\"https:\/\/vilolimpiezastecnicas.es\/tienes-el-aire-acondicionado-a-punto-para-el-verano\/#breadcrumb\"},\"inLanguage\":\"en-US\",\"potentialAction\":[{\"@type\":\"ReadAction\",\"target\":[\"https:\/\/vilolimpiezastecnicas.es\/tienes-el-aire-acondicionado-a-punto-para-el-verano\/\"]}]},{\"@type\":\"ImageObject\",\"inLanguage\":\"en-US\",\"@id\":\"https:\/\/vilolimpiezastecnicas.es\/tienes-el-aire-acondicionado-a-punto-para-el-verano\/#primaryimage\",\"url\":\"https:\/\/vilolimpiezastecnicas.es\/wp-content\/uploads\/2023\/03\/Aires-Acondicionados-1.jpg\",\"contentUrl\":\"https:\/\/vilolimpiezastecnicas.es\/wp-content\/uploads\/2023\/03\/Aires-Acondicionados-1.jpg\",\"width\":1500,\"height\":999},{\"@type\":\"BreadcrumbList\",\"@id\":\"https:\/\/vilolimpiezastecnicas.es\/tienes-el-aire-acondicionado-a-punto-para-el-verano\/#breadcrumb\",\"itemListElement\":[{\"@type\":\"ListItem\",\"position\":1,\"name\":\"Portada\",\"item\":\"https:\/\/vilolimpiezastecnicas.es\/\"},{\"@type\":\"ListItem\",\"position\":2,\"name\":\"\u00bfTienes el aire acondicionado a punto para el verano?\"}]},{\"@type\":\"WebSite\",\"@id\":\"https:\/\/vilolimpiezastecnicas.es\/#website\",\"url\":\"https:\/\/vilolimpiezastecnicas.es\/\",\"name\":\"Vilo Mediterr\u00e1neo\",\"description\":\"Comprometidos con la limpieza total\",\"publisher\":{\"@id\":\"https:\/\/vilolimpiezastecnicas.es\/#organization\"},\"potentialAction\":[{\"@type\":\"SearchAction\",\"target\":{\"@type\":\"EntryPoint\",\"urlTemplate\":\"https:\/\/vilolimpiezastecnicas.es\/?s={search_term_string}\"},\"query-input\":{\"@type\":\"PropertyValueSpecification\",\"valueRequired\":true,\"valueName\":\"search_term_string\"}}],\"inLanguage\":\"en-US\"},{\"@type\":\"Organization\",\"@id\":\"https:\/\/vilolimpiezastecnicas.es\/#organization\",\"name\":\"Vilo Mediterr\u00e1neo\",\"url\":\"https:\/\/vilolimpiezastecnicas.es\/\",\"logo\":{\"@type\":\"ImageObject\",\"inLanguage\":\"en-US\",\"@id\":\"https:\/\/vilolimpiezastecnicas.es\/#\/schema\/logo\/image\/\",\"url\":\"https:\/\/vilolimpiezastecnicas.es\/wp-content\/uploads\/2023\/04\/vilo-imagen-212.jpg\",\"contentUrl\":\"https:\/\/vilolimpiezastecnicas.es\/wp-content\/uploads\/2023\/04\/vilo-imagen-212.jpg\",\"width\":212,\"height\":212,\"caption\":\"Vilo Mediterr\u00e1neo\"},\"image\":{\"@id\":\"https:\/\/vilolimpiezastecnicas.es\/#\/schema\/logo\/image\/\"}},{\"@type\":\"Person\",\"@id\":\"https:\/\/vilolimpiezastecnicas.es\/#\/schema\/person\/46b6a80509958e6aec80f713935ebfe5\",\"name\":\"admin\",\"image\":{\"@type\":\"ImageObject\",\"inLanguage\":\"en-US\",\"@id\":\"https:\/\/vilolimpiezastecnicas.es\/#\/schema\/person\/image\/\",\"url\":\"https:\/\/secure.gravatar.com\/avatar\/f6b08826744ac84b5c5730915ab186e60373c936b9668ce079c076fa428c7725?s=96&d=mm&r=g\",\"contentUrl\":\"https:\/\/secure.gravatar.com\/avatar\/f6b08826744ac84b5c5730915ab186e60373c936b9668ce079c076fa428c7725?s=96&d=mm&r=g\",\"caption\":\"admin\"},\"sameAs\":[\"https:\/\/vilolimpiezastecnicas.es\"]}]}<\/script>\n<!-- \/ Yoast SEO plugin. -->","yoast_head_json":{"title":"\u00bfTienes el aire acondicionado a punto para el verano? - Vilo Mediterr\u00e1neo","robots":{"index":"index","follow":"follow","max-snippet":"max-snippet:-1","max-image-preview":"max-image-preview:large","max-video-preview":"max-video-preview:-1"},"canonical":"https:\/\/vilolimpiezastecnicas.es\/tienes-el-aire-acondicionado-a-punto-para-el-verano\/","og_locale":"en_US","og_type":"article","og_title":"\u00bfTienes el aire acondicionado a punto para el verano? - Vilo Mediterr\u00e1neo","og_description":"Prepara tu aire acondicionado ante la llegada del calor.","og_url":"https:\/\/vilolimpiezastecnicas.es\/tienes-el-aire-acondicionado-a-punto-para-el-verano\/","og_site_name":"Vilo Mediterr\u00e1neo","article_published_time":"2019-05-20T13:02:09+00:00","og_image":[{"url":"https:\/\/vilolimpiezastecnicas.es\/wp-content\/uploads\/2023\/03\/Recurso-Aire-acondicionado-2-300x201.jpg","type":"","width":"","height":""}],"author":"admin","twitter_card":"summary_large_image","twitter_misc":{"Written by":"admin","Est. reading time":"1 minute"},"schema":{"@context":"https:\/\/schema.org","@graph":[{"@type":"Article","@id":"https:\/\/vilolimpiezastecnicas.es\/tienes-el-aire-acondicionado-a-punto-para-el-verano\/#article","isPartOf":{"@id":"https:\/\/vilolimpiezastecnicas.es\/tienes-el-aire-acondicionado-a-punto-para-el-verano\/"},"author":{"name":"admin","@id":"https:\/\/vilolimpiezastecnicas.es\/#\/schema\/person\/46b6a80509958e6aec80f713935ebfe5"},"headline":"\u00bfTienes el aire acondicionado a punto para el verano?","datePublished":"2019-05-20T13:02:09+00:00","mainEntityOfPage":{"@id":"https:\/\/vilolimpiezastecnicas.es\/tienes-el-aire-acondicionado-a-punto-para-el-verano\/"},"wordCount":299,"publisher":{"@id":"https:\/\/vilolimpiezastecnicas.es\/#organization"},"image":{"@id":"https:\/\/vilolimpiezastecnicas.es\/tienes-el-aire-acondicionado-a-punto-para-el-verano\/#primaryimage"},"thumbnailUrl":"https:\/\/vilolimpiezastecnicas.es\/wp-content\/uploads\/2023\/03\/Aires-Acondicionados-1.jpg","articleSection":["Prevenci\u00f3n"],"inLanguage":"en-US"},{"@type":"WebPage","@id":"https:\/\/vilolimpiezastecnicas.es\/tienes-el-aire-acondicionado-a-punto-para-el-verano\/","url":"https:\/\/vilolimpiezastecnicas.es\/tienes-el-aire-acondicionado-a-punto-para-el-verano\/","name":"\u00bfTienes el aire acondicionado a punto para el verano? - Vilo Mediterr\u00e1neo","isPartOf":{"@id":"https:\/\/vilolimpiezastecnicas.es\/#website"},"primaryImageOfPage":{"@id":"https:\/\/vilolimpiezastecnicas.es\/tienes-el-aire-acondicionado-a-punto-para-el-verano\/#primaryimage"},"image":{"@id":"https:\/\/vilolimpiezastecnicas.es\/tienes-el-aire-acondicionado-a-punto-para-el-verano\/#primaryimage"},"thumbnailUrl":"https:\/\/vilolimpiezastecnicas.es\/wp-content\/uploads\/2023\/03\/Aires-Acondicionados-1.jpg","datePublished":"2019-05-20T13:02:09+00:00","breadcrumb":{"@id":"https:\/\/vilolimpiezastecnicas.es\/tienes-el-aire-acondicionado-a-punto-para-el-verano\/#breadcrumb"},"inLanguage":"en-US","potentialAction":[{"@type":"ReadAction","target":["https:\/\/vilolimpiezastecnicas.es\/tienes-el-aire-acondicionado-a-punto-para-el-verano\/"]}]},{"@type":"ImageObject","inLanguage":"en-US","@id":"https:\/\/vilolimpiezastecnicas.es\/tienes-el-aire-acondicionado-a-punto-para-el-verano\/#primaryimage","url":"https:\/\/vilolimpiezastecnicas.es\/wp-content\/uploads\/2023\/03\/Aires-Acondicionados-1.jpg","contentUrl":"https:\/\/vilolimpiezastecnicas.es\/wp-content\/uploads\/2023\/03\/Aires-Acondicionados-1.jpg","width":1500,"height":999},{"@type":"BreadcrumbList","@id":"https:\/\/vilolimpiezastecnicas.es\/tienes-el-aire-acondicionado-a-punto-para-el-verano\/#breadcrumb","itemListElement":[{"@type":"ListItem","position":1,"name":"Portada","item":"https:\/\/vilolimpiezastecnicas.es\/"},{"@type":"ListItem","position":2,"name":"\u00bfTienes el aire acondicionado a punto para el verano?"}]},{"@type":"WebSite","@id":"https:\/\/vilolimpiezastecnicas.es\/#website","url":"https:\/\/vilolimpiezastecnicas.es\/","name":"Vilo Mediterr\u00e1neo","description":"Comprometidos con la limpieza total","publisher":{"@id":"https:\/\/vilolimpiezastecnicas.es\/#organization"},"potentialAction":[{"@type":"SearchAction","target":{"@type":"EntryPoint","urlTemplate":"https:\/\/vilolimpiezastecnicas.es\/?s={search_term_string}"},"query-input":{"@type":"PropertyValueSpecification","valueRequired":true,"valueName":"search_term_string"}}],"inLanguage":"en-US"},{"@type":"Organization","@id":"https:\/\/vilolimpiezastecnicas.es\/#organization","name":"Vilo Mediterr\u00e1neo","url":"https:\/\/vilolimpiezastecnicas.es\/","logo":{"@type":"ImageObject","inLanguage":"en-US","@id":"https:\/\/vilolimpiezastecnicas.es\/#\/schema\/logo\/image\/","url":"https:\/\/vilolimpiezastecnicas.es\/wp-content\/uploads\/2023\/04\/vilo-imagen-212.jpg","contentUrl":"https:\/\/vilolimpiezastecnicas.es\/wp-content\/uploads\/2023\/04\/vilo-imagen-212.jpg","width":212,"height":212,"caption":"Vilo Mediterr\u00e1neo"},"image":{"@id":"https:\/\/vilolimpiezastecnicas.es\/#\/schema\/logo\/image\/"}},{"@type":"Person","@id":"https:\/\/vilolimpiezastecnicas.es\/#\/schema\/person\/46b6a80509958e6aec80f713935ebfe5","name":"admin","image":{"@type":"ImageObject","inLanguage":"en-US","@id":"https:\/\/vilolimpiezastecnicas.es\/#\/schema\/person\/image\/","url":"https:\/\/secure.gravatar.com\/avatar\/f6b08826744ac84b5c5730915ab186e60373c936b9668ce079c076fa428c7725?s=96&d=mm&r=g","contentUrl":"https:\/\/secure.gravatar.com\/avatar\/f6b08826744ac84b5c5730915ab186e60373c936b9668ce079c076fa428c7725?s=96&d=mm&r=g","caption":"admin"},"sameAs":["https:\/\/vilolimpiezastecnicas.es"]}]}},"_links":{"self":[{"href":"https:\/\/vilolimpiezastecnicas.es\/en\/wp-json\/wp\/v2\/posts\/2801","targetHints":{"allow":["GET"]}}],"collection":[{"href":"https:\/\/vilolimpiezastecnicas.es\/en\/wp-json\/wp\/v2\/posts"}],"about":[{"href":"https:\/\/vilolimpiezastecnicas.es\/en\/wp-json\/wp\/v2\/types\/post"}],"author":[{"embeddable":true,"href":"https:\/\/vilolimpiezastecnicas.es\/en\/wp-json\/wp\/v2\/users\/1"}],"replies":[{"embeddable":true,"href":"https:\/\/vilolimpiezastecnicas.es\/en\/wp-json\/wp\/v2\/comments?post=2801"}],"version-history":[{"count":0,"href":"https:\/\/vilolimpiezastecnicas.es\/en\/wp-json\/wp\/v2\/posts\/2801\/revisions"}],"wp:featuredmedia":[{"embeddable":true,"href":"https:\/\/vilolimpiezastecnicas.es\/en\/wp-json\/wp\/v2\/media\/1635"}],"wp:attachment":[{"href":"https:\/\/vilolimpiezastecnicas.es\/en\/wp-json\/wp\/v2\/media?parent=2801"}],"wp:term":[{"taxonomy":"category","embeddable":true,"href":"https:\/\/vilolimpiezastecnicas.es\/en\/wp-json\/wp\/v2\/categories?post=2801"},{"taxonomy":"post_tag","embeddable":true,"href":"https:\/\/vilolimpiezastecnicas.es\/en\/wp-json\/wp\/v2\/tags?post=2801"}],"curies":[{"name":"wp","href":"https:\/\/api.w.org\/{rel}","templated":true}]}}